{"id":1066,"date":"2020-01-19T14:30:38","date_gmt":"2020-01-19T14:30:38","guid":{"rendered":"http:\/\/diario24news.com\/hoy\/?p=1066"},"modified":"2020-01-19T14:30:38","modified_gmt":"2020-01-19T14:30:38","slug":"la-fuerza-del-pueblo-solicita-a-la-jce-declarar-inadmisible-candidatura-de-gonzalo","status":"publish","type":"post","link":"https:\/\/larepublicanews.com.do\/live\/la-fuerza-del-pueblo-solicita-a-la-jce-declarar-inadmisible-candidatura-de-gonzalo\/","title":{"rendered":"La Fuerza del Pueblo solicita a la JCE declarar inadmisible candidatura de Gonzalo"},"content":{"rendered":"<p>&nbsp;<\/p>\n<p>Ram\u00f3n P\u00e9rez Reyes<\/p>\n<p>Santo Domingo, RD.- La Fuerza del Pueblo (FP) solicit\u00f3 que la candidatura presidencial de Gonzalo Castillo sea declarada a inadmisible por la Junta Central Electoral (JCE) bajo el alegato de que el Partido de la Liberaci\u00f3n Dominicana (PLD) viol\u00f3 la Ley Electoral ( 15-19)\u00a0 al iniciar una campa\u00f1a a destiempo.<\/p>\n<p>Mediante una instancia depositada\u00a0 por su delegado pol\u00edtico ante la JCE, Manuel Crespo, la FP argumenta que el organismo comicial es la instituci\u00f3n responsable de hacer cumplir la disposici\u00f3n que proh\u00edbe el inicio de la campa\u00f1a a destiempo.<\/p>\n<p>El partido opositor\u00a0 alega que el\u00a0 candidato presidencial del PLD realiza una profusa campa\u00f1a de promoci\u00f3n de sus aspiraciones\u00a0 antes de que la JCE emita la proclama mediante la cual se deje abierto la campa\u00f1a electoral para dicho nivel de elecci\u00f3n<\/p>\n<p>En tal sentido, aleg\u00f3 que el 13 de enero de este a\u00f1o, en todos los medios de comunicaci\u00f3n impreso del pa\u00eds,\u00a0 como los electr\u00f3nicos o digitales, Gonzalo Castillo, mediante espacio pagado, public\u00f3 una propaganda gr\u00e1fica masiva en la que promueve su imagen<\/p>\n<p>Para tales fines, la FP deposit\u00f3 copias ante la JCE de los medios donde fue publicada<\/p>\n<p>El PLD<\/p>\n<p>Mientras que el PLD neg\u00f3 la acusaci\u00f3n y dijo que Castillo se mantiene en las calles respaldando los candidatos locales.<\/p>\n<p>Explica que la s\u00e9ptima publicaci\u00f3n que denuncia la instancia de la FP fue realizada por un grupo de ciudadanos a t\u00edtulo particular, y que formar parte de un movimiento externo de apoyo.<\/p>\n<p>Entiende que cualquier sanci\u00f3n aplicable\u00a0 que la JCE determine debe estar apegada\u00a0 al principio de la proporcionalidad para que la sanci\u00f3n sea adaptada al nivel de gravedad de la eventual infracci\u00f3n.<\/p>\n<p>Entiende el PLD que la solicitud de inadmisibilidad\u00a0 de la candidatura solicitada resultar\u00eda una sanci\u00f3n totalmente\u00a0 desproporcionada, \u201c que no se corresponde\u00a0 con el nivel de gravedad de las posibles infracciones que se deriven de las publicaciones realizadas<\/p>\n<p>Otros casos<\/p>\n<p>El PLD advierte que en caso de que se decidiese\u00a0 imponer alguna sanci\u00f3n por dichas publicaciones, la JCE estar\u00eda obligada a sancionar de la misma manera al candidato presidencial Luis Abinader , por las publicaciones que ha realizados.<\/p>\n<p>La instancia<\/p>\n<p>Mediante instancia firmada por su delegado pol\u00edtico Jos\u00e9 Ram\u00f3n Fadul y el secretario de Asuntos Jur\u00eddicos del PLD, Jos\u00e9 Dant\u00e9s D\u00edaz, afirman que no hay motivos legales para que la JCE adopte medidas cautelares, imponga sanciones de car\u00e1cter administrativo electoral y disponga la inadmisibilidad de la candidatura de Castillo por alejadamente iniciar su campa\u00f1a antes del tiempo reglamentario.<\/p>\n<p>Al reconocer la facultad sancionadora de la JCE, Fadul y Dant\u00e9s plantean que ninguno de los hechos alegados por la FP constituye faltas a dichas leyes, no procediendo sanci\u00f3n alguna.<\/p>\n<p>Ante el alegato de LP de que mantiene una promoci\u00f3n en las calles y en los medios,\u00a0 el PLD argumenta que no le pueden ser atribuibles al candidato manifestaciones de apoyo que organizaron particulares como es el hecho espec\u00edfico de hacer publicaciones pagadas en los medios de comunicaci\u00f3n.<\/p>\n<p>\u201cNos permitimos aclarar que todas las actividades pol\u00edticas y de campa\u00f1a en las que ha participado y contin\u00faa participando el candidato presidencial del PLD, Gonzalo Castillo, han sido y son actividades de promoci\u00f3n de candidaturas municipales del PLD y partidos aliados a nivel nacional, correspondientes al certamen electoral de febrero pr\u00f3ximo\u201d, dice la instancia con la que respondi\u00f3 ante la JCE.<\/p>\n<p>Apuntan que Castillo ha estado apoyando a los candidatos municipales de su partido \u201cde la misma manera que lo han estado haciendo los candidatos presidenciales del Partido Revolucionario Moderno (PRM) y candidatos presidenciales de otros grupos y movimientos. Asimismo se comprometieron a tomar \u201clos correctivos de lugar para garantizar que no ocurran situaciones que tiendan a violentar\u201d disposiciones legales<\/p>\n","protected":false},"excerpt":{"rendered":"<p>&nbsp; Ram\u00f3n P\u00e9rez Reyes Santo Domingo, RD.- La Fuerza del Pueblo (FP) solicit\u00f3 que la candidatura presidencial de Gonzalo Castillo sea declarada a inadmisible por la Junta Central Electoral (JCE) bajo el alegato de que el Partido de la Liberaci\u00f3n Dominicana (PLD) viol\u00f3 la Ley Electoral ( 15-19)\u00a0 al iniciar una campa\u00f1a a destiempo. Mediante una instancia depositada\u00a0 por su delegado pol\u00edtico ante la JCE, Manuel Crespo, la FP argumenta que el organismo comicial es la instituci\u00f3n responsable de hacer cumplir la disposici\u00f3n que proh\u00edbe el inicio de la campa\u00f1a&hellip;<\/p>\n","protected":false},"author":3,"featured_media":1067,"comment_status":"open","ping_status":"open","sticky":false,"template":"","format":"standard","meta":{"rop_custom_images_group":[],"rop_custom_messages_group":[],"rop_publish_now":"initial","rop_publish_now_accounts":[],"rop_publish_now_history":[],"rop_publish_now_status":"pending","footnotes":""},"categories":[12],"tags":[],"class_list":["post-1066","post","type-post","status-publish","format-standard","has-post-thumbnail","hentry","category-elecciones-2020"],"_links":{"self":[{"href":"https:\/\/larepublicanews.com.do\/live\/wp-json\/wp\/v2\/posts\/1066","targetHints":{"allow":["GET"]}}],"collection":[{"href":"https:\/\/larepublicanews.com.do\/live\/wp-json\/wp\/v2\/posts"}],"about":[{"href":"https:\/\/larepublicanews.com.do\/live\/wp-json\/wp\/v2\/types\/post"}],"author":[{"embeddable":true,"href":"https:\/\/larepublicanews.com.do\/live\/wp-json\/wp\/v2\/users\/3"}],"replies":[{"embeddable":true,"href":"https:\/\/larepublicanews.com.do\/live\/wp-json\/wp\/v2\/comments?post=1066"}],"version-history":[{"count":0,"href":"https:\/\/larepublicanews.com.do\/live\/wp-json\/wp\/v2\/posts\/1066\/revisions"}],"wp:featuredmedia":[{"embeddable":true,"href":"https:\/\/larepublicanews.com.do\/live\/wp-json\/wp\/v2\/media\/1067"}],"wp:attachment":[{"href":"https:\/\/larepublicanews.com.do\/live\/wp-json\/wp\/v2\/media?parent=1066"}],"wp:term":[{"taxonomy":"category","embeddable":true,"href":"https:\/\/larepublicanews.com.do\/live\/wp-json\/wp\/v2\/categories?post=1066"},{"taxonomy":"post_tag","embeddable":true,"href":"https:\/\/larepublicanews.com.do\/live\/wp-json\/wp\/v2\/tags?post=1066"}],"curies":[{"name":"wp","href":"https:\/\/api.w.org\/{rel}","templated":true}]}}