{"id":1061,"date":"2020-01-16T18:51:11","date_gmt":"2020-01-16T18:51:11","guid":{"rendered":"http:\/\/diario24news.com\/hoy\/?p=1061"},"modified":"2020-01-16T18:51:11","modified_gmt":"2020-01-16T18:51:11","slug":"lidom-sanciona-a-franklin-mirabal-por-decir-clasificacion-toros-a-la-final-era-colapso-para-beisbol","status":"publish","type":"post","link":"https:\/\/larepublicanews.com.do\/live\/lidom-sanciona-a-franklin-mirabal-por-decir-clasificacion-toros-a-la-final-era-colapso-para-beisbol\/","title":{"rendered":"LIDOM sanciona a Franklin Mirabal por decir clasificaci\u00f3n Toros a la final era \u201ccolapso para b\u00e9isbol\u201d"},"content":{"rendered":"<p>SANTO DOMINGO.- La Liga de B\u00e9isbol Profesional de la Rep\u00fablica Dominicana (LIDOM) impuso sanciones econ\u00f3micas y suspendi\u00f3 por dos partidos al periodista Franklin Mirabal, tras manifestar en un programa de televisi\u00f3n que la clasificaci\u00f3n de los Toros del Este a la final \u201cera un colapso para el b\u00e9isbol\u201d.<\/p>\n<p>A trav\u00e9s de la resoluci\u00f3n disciplinaria 008.2019-2020, la LIDOM inform\u00f3 tambi\u00e9n que Mirabal fue multado con 25 mil pesos por su comentario en el programa El Show del Mediod\u00eda.<\/p>\n<p>La entidad sostuvo que los comentarios del comunicador \u201cconstituye un calificativo inapropiado, inaceptable y perjudicial para esta Liga y para todos sus asociados, incluyendo el empleador del propio se\u00f1or Franklin Mirabal\u201d.<\/p>\n<p>Agrega que la condici\u00f3n de Mirabal de comunicador, editor deportivo y empleado de la cadena del equipo Tigres del Licey, \u201cle impone la prohibici\u00f3n de externar comentarios que da\u00f1en al b\u00e9isbol, a la Liga y a cualquiera de sus asociados, sin que esto, de modo alguno, pueda ser interpretado como una limitaci\u00f3n a su derecho de expresi\u00f3n\u201d.<\/p>\n","protected":false},"excerpt":{"rendered":"<p>SANTO DOMINGO.- La Liga de B\u00e9isbol Profesional de la Rep\u00fablica Dominicana (LIDOM) impuso sanciones econ\u00f3micas y suspendi\u00f3 por dos partidos al periodista Franklin Mirabal, tras manifestar en un programa de televisi\u00f3n que la clasificaci\u00f3n de los Toros del Este a la final \u201cera un colapso para el b\u00e9isbol\u201d. A trav\u00e9s de la resoluci\u00f3n disciplinaria 008.2019-2020, la LIDOM inform\u00f3 tambi\u00e9n que Mirabal fue multado con 25 mil pesos por su comentario en el programa El Show del Mediod\u00eda. La entidad sostuvo que los comentarios del comunicador \u201cconstituye un calificativo inapropiado, inaceptable&hellip;<\/p>\n","protected":false},"author":3,"featured_media":1062,"comment_status":"open","ping_status":"open","sticky":false,"template":"","format":"standard","meta":{"rop_custom_images_group":[],"rop_custom_messages_group":[],"rop_publish_now":"initial","rop_publish_now_accounts":[],"rop_publish_now_history":[],"rop_publish_now_status":"pending","footnotes":""},"categories":[6],"tags":[],"class_list":["post-1061","post","type-post","status-publish","format-standard","has-post-thumbnail","hentry","category-sports"],"_links":{"self":[{"href":"https:\/\/larepublicanews.com.do\/live\/wp-json\/wp\/v2\/posts\/1061","targetHints":{"allow":["GET"]}}],"collection":[{"href":"https:\/\/larepublicanews.com.do\/live\/wp-json\/wp\/v2\/posts"}],"about":[{"href":"https:\/\/larepublicanews.com.do\/live\/wp-json\/wp\/v2\/types\/post"}],"author":[{"embeddable":true,"href":"https:\/\/larepublicanews.com.do\/live\/wp-json\/wp\/v2\/users\/3"}],"replies":[{"embeddable":true,"href":"https:\/\/larepublicanews.com.do\/live\/wp-json\/wp\/v2\/comments?post=1061"}],"version-history":[{"count":0,"href":"https:\/\/larepublicanews.com.do\/live\/wp-json\/wp\/v2\/posts\/1061\/revisions"}],"wp:featuredmedia":[{"embeddable":true,"href":"https:\/\/larepublicanews.com.do\/live\/wp-json\/wp\/v2\/media\/1062"}],"wp:attachment":[{"href":"https:\/\/larepublicanews.com.do\/live\/wp-json\/wp\/v2\/media?parent=1061"}],"wp:term":[{"taxonomy":"category","embeddable":true,"href":"https:\/\/larepublicanews.com.do\/live\/wp-json\/wp\/v2\/categories?post=1061"},{"taxonomy":"post_tag","embeddable":true,"href":"https:\/\/larepublicanews.com.do\/live\/wp-json\/wp\/v2\/tags?post=1061"}],"curies":[{"name":"wp","href":"https:\/\/api.w.org\/{rel}","templated":true}]}}