{"id":1023,"date":"2020-01-03T14:29:30","date_gmt":"2020-01-03T14:29:30","guid":{"rendered":"http:\/\/diario24news.com\/hoy\/?p=1023"},"modified":"2020-01-03T14:29:30","modified_gmt":"2020-01-03T14:29:30","slug":"video-leonel-presenta-spot-de-la-fuerza-del-pueblo","status":"publish","type":"post","link":"https:\/\/larepublicanews.com.do\/live\/video-leonel-presenta-spot-de-la-fuerza-del-pueblo\/","title":{"rendered":"Video: Leonel presenta spot de la Fuerza del Pueblo"},"content":{"rendered":"<p>&nbsp;<\/p>\n<p><iframe loading=\"lazy\" title=\"Leonel: Juntos, somos la fuerza que mueve la patria, la luz de la verdad; aunando esfuerzos 03\/01\/20\" width=\"640\" height=\"360\" src=\"https:\/\/www.youtube.com\/embed\/RBspSI98ax4?feature=oembed\" frameborder=\"0\" allow=\"accelerometer; autoplay; clipboard-write; encrypted-media; gyroscope; picture-in-picture; web-share\" referrerpolicy=\"strict-origin-when-cross-origin\" allowfullscreen><\/iframe><\/p>\n<p>&nbsp;<\/p>\n<p>El expresidente de la Rep\u00fablica y aspirante al mismo cargo por la\u00a0Fuerza del Pueblo,\u00a0Leonel Fern\u00e1ndez,\u00a0dio a conocer la noche de ayer jueves un spot pol\u00edtico de su organizaci\u00f3n, en el que muestra logros de su gesti\u00f3n.<\/p>\n<p>En el video, colgado en su cuenta de Twitter @LeonelFernnadez, se escucha el estribillo \u00b4el regreso de Leonel\u00b4, mientras se muestran im\u00e1genes del Metro de Santo Domingo, as\u00ed como carreteras, puentes y elevados.<\/p>\n<p>\u201cJuntos, somos la fuerza que mueve la patria, la luz de la verdad; aunando esfuerzos y consolidando la unidad nacional, porque de ella emana la fuerza de un pueblo que sue\u00f1a y que va pa\u2019 lante.<\/p>\n<p>\u00a1Somos La Fuerza del Pueblo!\u201d, dijo el pol\u00edtico en la red al dar a conocer el spot.<br \/>\nhttps:\/\/t.co\/IaeHstz64R<\/p>\n<p>Fern\u00e1ndez fue presidente del pa\u00eds en el 1996, en el 2004 y 2008, cuando fue sucedido por el actual mandatario Danilo Medina, ambos del Partido de la Liberaci\u00f3n Dominicana (PLD), organizaci\u00f3n que abandon\u00f3 para formar la Fuerza del Pueblo.<\/p>\n<p>De 2000 a 2004 el presidente del pa\u00eds fue Hip\u00f3lito Mej\u00eda, quien para ese tiempo era del Partido Revolucionario Dominicano (PRD). Hoy pertenece al Partido Revolucionario Moderno (PRM).<\/p>\n","protected":false},"excerpt":{"rendered":"<p>&nbsp; &nbsp; El expresidente de la Rep\u00fablica y aspirante al mismo cargo por la\u00a0Fuerza del Pueblo,\u00a0Leonel Fern\u00e1ndez,\u00a0dio a conocer la noche de ayer jueves un spot pol\u00edtico de su organizaci\u00f3n, en el que muestra logros de su gesti\u00f3n. En el video, colgado en su cuenta de Twitter @LeonelFernnadez, se escucha el estribillo \u00b4el regreso de Leonel\u00b4, mientras se muestran im\u00e1genes del Metro de Santo Domingo, as\u00ed como carreteras, puentes y elevados. \u201cJuntos, somos la fuerza que mueve la patria, la luz de la verdad; aunando esfuerzos y consolidando la unidad&hellip;<\/p>\n","protected":false},"author":3,"featured_media":1024,"comment_status":"open","ping_status":"open","sticky":false,"template":"","format":"standard","meta":{"rop_custom_images_group":[],"rop_custom_messages_group":[],"rop_publish_now":"initial","rop_publish_now_accounts":[],"rop_publish_now_history":[],"rop_publish_now_status":"pending","footnotes":""},"categories":[20],"tags":[],"class_list":["post-1023","post","type-post","status-publish","format-standard","has-post-thumbnail","hentry","category-leonel-fernandez"],"_links":{"self":[{"href":"https:\/\/larepublicanews.com.do\/live\/wp-json\/wp\/v2\/posts\/1023","targetHints":{"allow":["GET"]}}],"collection":[{"href":"https:\/\/larepublicanews.com.do\/live\/wp-json\/wp\/v2\/posts"}],"about":[{"href":"https:\/\/larepublicanews.com.do\/live\/wp-json\/wp\/v2\/types\/post"}],"author":[{"embeddable":true,"href":"https:\/\/larepublicanews.com.do\/live\/wp-json\/wp\/v2\/users\/3"}],"replies":[{"embeddable":true,"href":"https:\/\/larepublicanews.com.do\/live\/wp-json\/wp\/v2\/comments?post=1023"}],"version-history":[{"count":0,"href":"https:\/\/larepublicanews.com.do\/live\/wp-json\/wp\/v2\/posts\/1023\/revisions"}],"wp:featuredmedia":[{"embeddable":true,"href":"https:\/\/larepublicanews.com.do\/live\/wp-json\/wp\/v2\/media\/1024"}],"wp:attachment":[{"href":"https:\/\/larepublicanews.com.do\/live\/wp-json\/wp\/v2\/media?parent=1023"}],"wp:term":[{"taxonomy":"category","embeddable":true,"href":"https:\/\/larepublicanews.com.do\/live\/wp-json\/wp\/v2\/categories?post=1023"},{"taxonomy":"post_tag","embeddable":true,"href":"https:\/\/larepublicanews.com.do\/live\/wp-json\/wp\/v2\/tags?post=1023"}],"curies":[{"name":"wp","href":"https:\/\/api.w.org\/{rel}","templated":true}]}}