{"id":1014,"date":"2019-12-30T13:46:04","date_gmt":"2019-12-30T13:46:04","guid":{"rendered":"http:\/\/diario24news.com\/hoy\/?p=1014"},"modified":"2019-12-30T13:46:04","modified_gmt":"2019-12-30T13:46:04","slug":"ciudadanos-respaldan-medida-alcaldia-de-suspender-actividades-en-amaprosan-hasta-que-arregle-danos-entrada-a-santiago","status":"publish","type":"post","link":"https:\/\/larepublicanews.com.do\/live\/ciudadanos-respaldan-medida-alcaldia-de-suspender-actividades-en-amaprosan-hasta-que-arregle-danos-entrada-a-santiago\/","title":{"rendered":"Ciudadanos respaldan medida Alcald\u00eda de suspender actividades en AMAPROSAN hasta que arregle da\u00f1os entrada a Santiago"},"content":{"rendered":"<p><strong>Santiago.<\/strong>&#8211; Ciudadanos que valoran justamente los grandes esfuerzos que realiza la<br \/>\nAlcald\u00eda de Santiago, para imprentar los cambios positivos que se registran en la<br \/>\nciudad, salieron en defensa de la decisi\u00f3n tomada por las autoridades municipales de<br \/>\nsuspender las celebraciones de fiestas en el Club Amaprosan.<br \/>\nLa disposici\u00f3n municipal se produce hasta que no sean reparados los da\u00f1os<br \/>\nocasionados en la reata y jardineras de la entrada a Santiago, donde decenas de<br \/>\nveh\u00edculos parqueados encima de las mismas deterioraron los trabajos de<br \/>\nembellecimiento en esa zona, que tambi\u00e9n fue decorada con motivo de la Navidad.<br \/>\n\u201cQuedan suspendidas todas las fiestas en el Club Amaprosan, hasta que reparen los<br \/>\nda\u00f1os causados a nuestra ciudad, es indignante, un enorme esfuerzo pisoteado y<br \/>\naplastado\u201d, dice el comunicado de la Alcald\u00eda de Santiago.<br \/>\nMuchos consideran que los da\u00f1os ocasionados provienen de personas que no les<br \/>\ninteresa el orden, ni sienten amor por su ciudad catalogan de abuso de esos<br \/>\nconductores y due\u00f1os de veh\u00edculos y de los promotores de la fiesta que no dispusieron<br \/>\nde espacios de estacionamientos y que no piensan en lo que representa para una<br \/>\nciudad que sus autoridades se preocupen por trabajar para su embellecimiento y<br \/>\nestablecer el orden.<br \/>\n\u201cQu\u00e9 falta de conciencia, pero as\u00ed act\u00faan los ciudadanos que exigen y no cumplen con<br \/>\nsu rol de ser ciudadanos ejemplares y creo que no s\u00f3lo deben suspender las fiestas del<br \/>\nclub, sino, multar a los conductores de cada veh\u00edculo mal estacionado, as\u00ed<br \/>\naprenderemos a respetar y a vivir en orden\u201d, dijo Carolina Ortiz, a trav\u00e9s de la red<br \/>\nsocial Facebook.<br \/>\nMientras que Jos\u00e9 Alberto Familia Vargas, salud\u00f3 la decisi\u00f3n del alcalde Abel Mart\u00ednez<br \/>\nde suspender las actividades de dicho club, hasta que no arreglen los da\u00f1os<br \/>\nocasionados en una obra tan bonita como la entrada a Santiago y que cost\u00f3 un dinero<br \/>\nque es de todos.<br \/>\n\u201cBien por Abel, hay que imponer el orden a todos por igual y eso no se debe permitir\u201d,<br \/>\nescribi\u00f3 el se\u00f1or Familia Vargas, respondiendo una publicaci\u00f3n del periodista Domingo<br \/>\nJr. Saint Hilaire, en su p\u00e1gina de la red social Facebook, en la que decenas de sus<br \/>\nseguidores condenaron esas acciones.<br \/>\nOtros ciudadanos, como Domingo Tatis, consideran que la medida adoptada por la<br \/>\nAlcald\u00eda de Santiago, env\u00eda un claro mensaje de que los espacios p\u00fablicos deben ser<br \/>\npreservados y que cada ciudadano debe respetar, \u201cmuy bien para que respeten el<br \/>\nespacio p\u00fablico\u201d, dijo Tatis.<\/p>\n<p>La noche del s\u00e1bado, mientras se amenizaba una fiesta bailable en las instalaciones<br \/>\ndel Club de la Asociaci\u00f3n de Mayoristas en Provisiones de Santiago, (AMAPROSAN),<br \/>\ndesaprensivos estacionaron decenas de veh\u00edculos encima de la reata y las jardineras<br \/>\nconstruidas en la entrada a Santiago, su paso frente al indicado club.<\/p>\n","protected":false},"excerpt":{"rendered":"<p>Santiago.&#8211; Ciudadanos que valoran justamente los grandes esfuerzos que realiza la Alcald\u00eda de Santiago, para imprentar los cambios positivos que se registran en la ciudad, salieron en defensa de la decisi\u00f3n tomada por las autoridades municipales de suspender las celebraciones de fiestas en el Club Amaprosan. La disposici\u00f3n municipal se produce hasta que no sean reparados los da\u00f1os ocasionados en la reata y jardineras de la entrada a Santiago, donde decenas de veh\u00edculos parqueados encima de las mismas deterioraron los trabajos de embellecimiento en esa zona, que tambi\u00e9n fue decorada&hellip;<\/p>\n","protected":false},"author":3,"featured_media":1015,"comment_status":"open","ping_status":"open","sticky":false,"template":"","format":"standard","meta":{"rop_custom_images_group":[],"rop_custom_messages_group":[],"rop_publish_now":"initial","rop_publish_now_accounts":[],"rop_publish_now_history":[],"rop_publish_now_status":"pending","footnotes":""},"categories":[22],"tags":[],"class_list":["post-1014","post","type-post","status-publish","format-standard","has-post-thumbnail","hentry","category-noticia"],"_links":{"self":[{"href":"https:\/\/larepublicanews.com.do\/live\/wp-json\/wp\/v2\/posts\/1014","targetHints":{"allow":["GET"]}}],"collection":[{"href":"https:\/\/larepublicanews.com.do\/live\/wp-json\/wp\/v2\/posts"}],"about":[{"href":"https:\/\/larepublicanews.com.do\/live\/wp-json\/wp\/v2\/types\/post"}],"author":[{"embeddable":true,"href":"https:\/\/larepublicanews.com.do\/live\/wp-json\/wp\/v2\/users\/3"}],"replies":[{"embeddable":true,"href":"https:\/\/larepublicanews.com.do\/live\/wp-json\/wp\/v2\/comments?post=1014"}],"version-history":[{"count":0,"href":"https:\/\/larepublicanews.com.do\/live\/wp-json\/wp\/v2\/posts\/1014\/revisions"}],"wp:featuredmedia":[{"embeddable":true,"href":"https:\/\/larepublicanews.com.do\/live\/wp-json\/wp\/v2\/media\/1015"}],"wp:attachment":[{"href":"https:\/\/larepublicanews.com.do\/live\/wp-json\/wp\/v2\/media?parent=1014"}],"wp:term":[{"taxonomy":"category","embeddable":true,"href":"https:\/\/larepublicanews.com.do\/live\/wp-json\/wp\/v2\/categories?post=1014"},{"taxonomy":"post_tag","embeddable":true,"href":"https:\/\/larepublicanews.com.do\/live\/wp-json\/wp\/v2\/tags?post=1014"}],"curies":[{"name":"wp","href":"https:\/\/api.w.org\/{rel}","templated":true}]}}