{"id":1003,"date":"2019-12-16T12:45:34","date_gmt":"2019-12-16T12:45:34","guid":{"rendered":"http:\/\/diario24news.com\/hoy\/?p=1003"},"modified":"2019-12-16T12:45:34","modified_gmt":"2019-12-16T12:45:34","slug":"leonel-dice-la-fuerza-del-pueblo-sera-principal-fuerza-politica-de-rd","status":"publish","type":"post","link":"https:\/\/larepublicanews.com.do\/live\/leonel-dice-la-fuerza-del-pueblo-sera-principal-fuerza-politica-de-rd\/","title":{"rendered":"Leonel dice La Fuerza del Pueblo ser\u00e1 principal fuerza pol\u00edtica de RD"},"content":{"rendered":"<p>Dajab\u00f3n, RD.-\u00a0El presidente Leonel Fern\u00e1ndez proclam\u00f3 este s\u00e1bado en Partido, Dajab\u00f3n, al inaugurar el primer local de la organizaci\u00f3n que lidera, que \u201cel pa\u00eds estar\u00e1 sembrado de locales de la Fuerza del Pueblo (FP) porque esta ser\u00e1 la principal fuerza pol\u00edtica para consolidar la democracia, promover el progreso y bienestar del pueblo dominicano\u201d.<\/p>\n<p>\u201cEl corte de esta cinta que acabamos de hacer tiene un gran significado hist\u00f3rico: esta es la primera casa, el primer local de la Fuerza del Pueblo\u201d, se\u00f1al\u00f3 Fern\u00e1ndez, quien encabez\u00f3 este s\u00e1bado una caravana en la l\u00ednea noroeste en apoyo a los candidatos municipales.<\/p>\n<p>Resalt\u00f3 que la FP a\u00fan no ha cumplido dos meses de haberse firmado, pero que hoy esa inauguraci\u00f3n era equivalente al bautismo de la organizaci\u00f3n pol\u00edtica que lidera.<\/p>\n<p>\u201cPretendemos tener locales en todas las provincias, en todos los municipios y en todas las circunscripciones\u201d, dijo Fern\u00e1ndez, quien arranc\u00f3 aplausos de los presentes.<\/p>\n<p>Calific\u00f3 la simpat\u00eda recibida durante la caravana como impresionante, lo que indica que \u201cla FP naci\u00f3 para consolidarse en el coraz\u00f3n del pueblo dominicano\u201d.<\/p>\n<p>Sobre los candidatos municipales, destac\u00f3 que son muy queridos y conocidos y obtendr\u00e1 el triunfo en el pr\u00f3ximo torneo electoral a realizarse en febrero.<\/p>\n<p>Recorrido<\/p>\n<p>El presidente de la FP inici\u00f3 el recorrido en San Fernando, municipio cabecera de Montecristi, a las 11:00 de la ma\u00f1ana, acompa\u00f1ado aqu\u00ed por los candidatos a alcalde y vicealcaldesa, Jos\u00e9 Ignacio Mart\u00ednez (Nachito) y Petra Rodr\u00edguez de P\u00e9rez, respectivamente.<\/p>\n<p>Durante el trayecto, en medio de una algarab\u00eda, Fern\u00e1ndez fue abordado por seguidores que le manifestaban su afecto y lo mismo se repiti\u00f3 en las distintas provincias, donde se observaba a su paso en las calles, balcones y techos de las casas a los mun\u00edcipes que lanzaban la exmandatario consignas y v\u00edtores.<\/p>\n<p>El presidente de la FP estuvo acompa\u00f1ado en la Provincia de Dajab\u00f3n, por Tom\u00e1s Mart\u00ednez Metz, candidato a la Alcald\u00eda, y Adalgisa Pe\u00f1a candidata a la vicealcald\u00eda,\u00a0David\u00a0Sosa y\u00a0Carolina\u00a0Escoto\u00a0, Miguel Cruz\u00a0Dajab\u00f3n, RD.-\u00a0El presidente Leonel Fern\u00e1ndez proclam\u00f3 este s\u00e1bado en Partido, Dajab\u00f3n, al inaugurar el primer local de la organizaci\u00f3n que lidera, que \u201cel pa\u00eds estar\u00e1 sembrado de locales de la Fuerza del Pueblo (FP) porque esta ser\u00e1 la principal fuerza pol\u00edtica para consolidar la democracia, promover el progreso y bienestar del pueblo dominicano\u201d.<\/p>\n<p>\u201cEl corte de esta cinta que acabamos de hacer tiene un gran significado hist\u00f3rico: esta es la primera casa, el primer local de la Fuerza del Pueblo\u201d, se\u00f1al\u00f3 Fern\u00e1ndez, quien encabez\u00f3 este s\u00e1bado una caravana en la l\u00ednea noroeste en apoyo a los candidatos municipales.<\/p>\n<p>Resalt\u00f3 que la FP a\u00fan no ha cumplido dos meses de haberse firmado, pero que hoy esa inauguraci\u00f3n era equivalente al bautismo de la organizaci\u00f3n pol\u00edtica que lidera.<\/p>\n<p>\u201cPretendemos tener locales en todas las provincias, en todos los municipios y en todas las circunscripciones\u201d, dijo Fern\u00e1ndez, quien arranc\u00f3 aplausos de los presentes.<\/p>\n<p>Calific\u00f3 la simpat\u00eda recibida durante la caravana como impresionante, lo que indica que \u201cla FP naci\u00f3 para consolidarse en el coraz\u00f3n del pueblo dominicano\u201d.<\/p>\n<p>Sobre los candidatos municipales, destac\u00f3 que son muy queridos y conocidos y obtendr\u00e1 el triunfo en el pr\u00f3ximo torneo electoral a realizarse en febrero.<\/p>\n<p>Recorrido<\/p>\n<p>El presidente de la FP inici\u00f3 el recorrido en San Fernando, municipio cabecera de Montecristi, a las 11:00 de la ma\u00f1ana, acompa\u00f1ado aqu\u00ed por los candidatos a alcalde y vicealcaldesa, Jos\u00e9 Ignacio Mart\u00ednez (Nachito) y Petra Rodr\u00edguez de P\u00e9rez, respectivamente.<\/p>\n<p>Durante el trayecto, en medio de una algarab\u00eda, Fern\u00e1ndez fue abordado por seguidores que le manifestaban su afecto y lo mismo se repiti\u00f3 en las distintas provincias, donde se observaba a su paso en las calles, balcones y techos de las casas a los mun\u00edcipes que lanzaban la exmandatario consignas y v\u00edtores.<\/p>\n<p>El presidente de la FP estuvo acompa\u00f1ado en este tramo por Tom\u00e1s Mart\u00ednez Metz, candidato a la Alcald\u00eda, y Adalgisa Pe\u00f1a candidata a la vicealcald\u00eda\u00a0,\u00a0Carolina\u00a0Escoto,\u00a0Miguel\u00a0Cruz\u00a0y el\u00a0Empresario\u00a0David Sosa, ambos\u00a0ex miembro\u00a0del PLD que\u00a0pasaron\u00a0a formar fila en la Fuerza del\u00a0Pueblo.<\/p>\n<p>Fern\u00e1ndez lleg\u00f3 al municipio de Partido, donde cort\u00f3 la cinta del primer local provincial de la Fuerza del Pueblo, acompa\u00f1ado de seguidores que abarrotaron el lugar, donde adem\u00e1s, le acompa\u00f1\u00f3 Santiago Garc\u00eda, candidato a alcalde por el PRM, la Fuerza del Pueblo y aliados.<\/p>\n<p>Fern\u00e1ndez concluy\u00f3 su recorrido en Navarrete, donde dej\u00f3 inaugurado el local municipal de la Fuerza del Pueblo.<\/p>\n<p>Fern\u00e1ndez lleg\u00f3 al municipio de Partido, donde cort\u00f3 la cinta del primer local provincial de la Fuerza del Pueblo, acompa\u00f1ado de seguidores que abarrotaron el lugar, donde adem\u00e1s, le acompa\u00f1\u00f3 Santiago Garc\u00eda, candidato a alcalde por el PRM, la Fuerza del Pueblo y aliados.<\/p>\n<p>Fern\u00e1ndez concluy\u00f3 su recorrido en Navarrete, donde dej\u00f3 inaugurado el local municipal de la Fuerza del Pueblo<\/p>\n","protected":false},"excerpt":{"rendered":"<p>Dajab\u00f3n, RD.-\u00a0El presidente Leonel Fern\u00e1ndez proclam\u00f3 este s\u00e1bado en Partido, Dajab\u00f3n, al inaugurar el primer local de la organizaci\u00f3n que lidera, que \u201cel pa\u00eds estar\u00e1 sembrado de locales de la Fuerza del Pueblo (FP) porque esta ser\u00e1 la principal fuerza pol\u00edtica para consolidar la democracia, promover el progreso y bienestar del pueblo dominicano\u201d. \u201cEl corte de esta cinta que acabamos de hacer tiene un gran significado hist\u00f3rico: esta es la primera casa, el primer local de la Fuerza del Pueblo\u201d, se\u00f1al\u00f3 Fern\u00e1ndez, quien encabez\u00f3 este s\u00e1bado una caravana en la&hellip;<\/p>\n","protected":false},"author":3,"featured_media":1004,"comment_status":"open","ping_status":"open","sticky":false,"template":"","format":"standard","meta":{"rop_custom_images_group":[],"rop_custom_messages_group":[],"rop_publish_now":"initial","rop_publish_now_accounts":[],"rop_publish_now_history":[],"rop_publish_now_status":"pending","footnotes":""},"categories":[12,20],"tags":[],"class_list":["post-1003","post","type-post","status-publish","format-standard","has-post-thumbnail","hentry","category-elecciones-2020","category-leonel-fernandez"],"_links":{"self":[{"href":"https:\/\/larepublicanews.com.do\/live\/wp-json\/wp\/v2\/posts\/1003","targetHints":{"allow":["GET"]}}],"collection":[{"href":"https:\/\/larepublicanews.com.do\/live\/wp-json\/wp\/v2\/posts"}],"about":[{"href":"https:\/\/larepublicanews.com.do\/live\/wp-json\/wp\/v2\/types\/post"}],"author":[{"embeddable":true,"href":"https:\/\/larepublicanews.com.do\/live\/wp-json\/wp\/v2\/users\/3"}],"replies":[{"embeddable":true,"href":"https:\/\/larepublicanews.com.do\/live\/wp-json\/wp\/v2\/comments?post=1003"}],"version-history":[{"count":0,"href":"https:\/\/larepublicanews.com.do\/live\/wp-json\/wp\/v2\/posts\/1003\/revisions"}],"wp:featuredmedia":[{"embeddable":true,"href":"https:\/\/larepublicanews.com.do\/live\/wp-json\/wp\/v2\/media\/1004"}],"wp:attachment":[{"href":"https:\/\/larepublicanews.com.do\/live\/wp-json\/wp\/v2\/media?parent=1003"}],"wp:term":[{"taxonomy":"category","embeddable":true,"href":"https:\/\/larepublicanews.com.do\/live\/wp-json\/wp\/v2\/categories?post=1003"},{"taxonomy":"post_tag","embeddable":true,"href":"https:\/\/larepublicanews.com.do\/live\/wp-json\/wp\/v2\/tags?post=1003"}],"curies":[{"name":"wp","href":"https:\/\/api.w.org\/{rel}","templated":true}]}}